{"id":11694,"date":"2025-02-24T09:41:54","date_gmt":"2025-02-24T08:41:54","guid":{"rendered":"https:\/\/janofilters.com\/?p=11694"},"modified":"2025-03-03T10:06:19","modified_gmt":"2025-03-03T09:06:19","slug":"jano-filters-estara-presente-en-spannabis-2025","status":"publish","type":"post","link":"https:\/\/janofilters.com\/en\/2025\/02\/24\/jano-filters-estara-presente-en-spannabis-2025\/","title":{"rendered":"\u00a1Jano Filters estar\u00e1 presente en Spannabis 2025!"},"content":{"rendered":"<div data-elementor-type=\"wp-post\" data-elementor-id=\"11694\" class=\"elementor elementor-11694\">\n\t\t\t\t\t\t<section class=\"elementor-section elementor-top-section elementor-element elementor-element-4908205c elementor-section-boxed elementor-section-height-default elementor-section-height-default\" data-id=\"4908205c\" data-element_type=\"section\">\n\t\t\t\t\t\t<div class=\"elementor-container elementor-column-gap-default\">\n\t\t\t\t\t<div class=\"elementor-column elementor-col-100 elementor-top-column elementor-element elementor-element-286176f8\" data-id=\"286176f8\" data-element_type=\"column\">\n\t\t\t<div class=\"elementor-widget-wrap elementor-element-populated\">\n\t\t\t\t\t\t<div class=\"elementor-element elementor-element-a24c2ff elementor-widget elementor-widget-heading\" data-id=\"a24c2ff\" data-element_type=\"widget\" data-widget_type=\"heading.default\">\n\t\t\t\t<div class=\"elementor-widget-container\">\n\t\t\t\t\t<h2 class=\"elementor-heading-title elementor-size-default\">Spannabis, La feria del C\u00e1\u00f1amo y las tecnolog\u00edas alternativas llega a Bilbao<\/h2>\t\t\t\t<\/div>\n\t\t\t\t<\/div>\n\t\t\t\t<div class=\"elementor-element elementor-element-229fda3a elementor-widget elementor-widget-text-editor\" data-id=\"229fda3a\" data-element_type=\"widget\" data-widget_type=\"text-editor.default\">\n\t\t\t\t<div class=\"elementor-widget-container\">\n\t\t\t\t\t\t\t\t\t<p data-pm-slice=\"1 1 []\">Estamos emocionados de anunciar que <strong>Jano Filters participar\u00e1 en Spannabis 2025<\/strong>, la feria m\u00e1s importante del mundo dedicada al cannabis. Nos encontrar\u00e9is en el <strong>expositor 306<\/strong>, preparados para compartir nuestras innovaciones y productos con todos los asistentes.<\/p><p data-pm-slice=\"1 1 []\">Spannabis se celebrar\u00e1 en el Auditorio de Cornell\u00e0, Barcelona, durante los d\u00edas <strong>14, 15 y 16 de Marzo de 2025<\/strong>, y promete ser una experiencia \u00fanica de aprendizaje y descubrimiento. Esta edici\u00f3n tambi\u00e9n acoger\u00e1 la 12.\u00aa edici\u00f3n de las World Cannabis Conference, un espacio dedicado a la informaci\u00f3n y el debate sobre el presente y el futuro del cannabis.<\/p><p>Desde el a\u00f1o 2002, Spannabis se ha convertido en la mayor feria de Europa sobre el cannabis, reuniendo a expositores, profesionales y entusiastas del sector. En esta feria se pueden encontrar productos relacionados con la planta del c\u00e1\u00f1amo y sus m\u00faltiples aplicaciones: usos industriales como cosm\u00e9ticos, calzado, textiles, materiales de construcci\u00f3n y alimentaci\u00f3n; productos para el cultivo como abonos, semillas y sistemas de cultivo; as\u00ed como su consumo recreativo y uso en fitoterapia.<\/p><p>Adem\u00e1s, durante las jornadas se impartir\u00e1n conferencias sobre temas como la fitoterapia, la investigaci\u00f3n de los principios activos del cannabis, t\u00e9cnicas de cultivo, consumo responsable y reducci\u00f3n de riesgos.<\/p><p>No pierdas la oportunidad de visitar nuestro <strong>expositor 306<\/strong>, donde te esperar\u00e1n muchas sorpresas y la posibilidad de conocer de cerca nuestras soluciones innovadoras. <strong>\u00a1Te esperamos en Spannabis 2025 para vivir juntos esta experiencia \u00fanica!<\/strong><\/p>\t\t\t\t\t\t\t\t<\/div>\n\t\t\t\t<\/div>\n\t\t\t\t\t<\/div>\n\t\t<\/div>\n\t\t\t\t\t<\/div>\n\t\t<\/section>\n\t\t\t\t<section class=\"elementor-section elementor-top-section elementor-element elementor-element-0c94c67 elementor-section-boxed elementor-section-height-default elementor-section-height-default\" data-id=\"0c94c67\" data-element_type=\"section\">\n\t\t\t\t\t\t<div class=\"elementor-container elementor-column-gap-default\">\n\t\t\t\t\t<div class=\"elementor-column elementor-col-100 elementor-top-column elementor-element elementor-element-5d9c3a3\" data-id=\"5d9c3a3\" data-element_type=\"column\">\n\t\t\t<div class=\"elementor-widget-wrap elementor-element-populated\">\n\t\t\t\t\t\t<div class=\"elementor-element elementor-element-4d23250 elementor-widget elementor-widget-heading\" data-id=\"4d23250\" data-element_type=\"widget\" data-widget_type=\"heading.default\">\n\t\t\t\t<div class=\"elementor-widget-container\">\n\t\t\t\t\t<h2 class=\"elementor-heading-title elementor-size-default\">14, 15 y 16 de Marzo en el Stand 306<\/h2>\t\t\t\t<\/div>\n\t\t\t\t<\/div>\n\t\t\t\t<div class=\"elementor-element elementor-element-960b378 elementor-widget elementor-widget-text-editor\" data-id=\"960b378\" data-element_type=\"widget\" data-widget_type=\"text-editor.default\">\n\t\t\t\t<div class=\"elementor-widget-container\">\n\t\t\t\t\t\t\t\t\t<p>\u00a1Jano Filters no se lo piensa perder! y es un placer anunciar que estaremos presente en la <strong>SPANNABIS 2025<\/strong> que se celebrar\u00e1 el <strong>14, 15 y 16 de Marzo en la Fira de Cornell\u00e0, Barcelona<\/strong>. Os esperamos en el <strong>Stand 306<\/strong> con muchas sopresas. <strong>\u00a1Vis\u00edtanos!<\/strong><\/p>\t\t\t\t\t\t\t\t<\/div>\n\t\t\t\t<\/div>\n\t\t\t\t\t<\/div>\n\t\t<\/div>\n\t\t\t\t\t<\/div>\n\t\t<\/section>\n\t\t\t\t<section class=\"elementor-section elementor-top-section elementor-element elementor-element-ac74b17 elementor-section-boxed elementor-section-height-default elementor-section-height-default\" data-id=\"ac74b17\" data-element_type=\"section\">\n\t\t\t\t\t\t<div class=\"elementor-container elementor-column-gap-default\">\n\t\t\t\t\t<div class=\"elementor-column elementor-col-100 elementor-top-column elementor-element elementor-element-5796718\" data-id=\"5796718\" data-element_type=\"column\">\n\t\t\t<div class=\"elementor-widget-wrap elementor-element-populated\">\n\t\t\t\t\t\t<div class=\"elementor-element elementor-element-5ef2514 elementor-widget elementor-widget-heading\" data-id=\"5ef2514\" data-element_type=\"widget\" data-widget_type=\"heading.default\">\n\t\t\t\t<div class=\"elementor-widget-container\">\n\t\t\t\t\t<h2 class=\"elementor-heading-title elementor-size-default\">Venta Online de filtros y boquillas reutilizables y biodegradables<\/h2>\t\t\t\t<\/div>\n\t\t\t\t<\/div>\n\t\t\t\t<div class=\"elementor-element elementor-element-d9cfc7a elementor-widget elementor-widget-text-editor\" data-id=\"d9cfc7a\" data-element_type=\"widget\" data-widget_type=\"text-editor.default\">\n\t\t\t\t<div class=\"elementor-widget-container\">\n\t\t\t\t\t\t\t\t\t<p>Novedosas boquillas reutilizables con unos dise\u00f1os y colores que llaman mucho la atenci\u00f3n. Son totalmente org\u00e1nicas y respetuosas con el medio ambiente. Puedes encontrarlas en una variedad de tama\u00f1os y dise\u00f1os.<\/p>\t\t\t\t\t\t\t\t<\/div>\n\t\t\t\t<\/div>\n\t\t\t\t<div class=\"elementor-element elementor-element-6165fc0 elementor-align-center elementor-widget elementor-widget-button\" data-id=\"6165fc0\" data-element_type=\"widget\" data-widget_type=\"button.default\">\n\t\t\t\t<div class=\"elementor-widget-container\">\n\t\t\t\t\t\t\t\t\t<div class=\"elementor-button-wrapper\">\n\t\t\t\t\t<a class=\"elementor-button elementor-button-link elementor-size-sm\" href=\"https:\/\/janofilters.com\/en\/\">\n\t\t\t\t\t\t<span class=\"elementor-button-content-wrapper\">\n\t\t\t\t\t\t\t\t\t<span class=\"elementor-button-text\">VISITA NUESTRA TIENDA<\/span>\n\t\t\t\t\t<\/span>\n\t\t\t\t\t<\/a>\n\t\t\t\t<\/div>\n\t\t\t\t\t\t\t\t<\/div>\n\t\t\t\t<\/div>\n\t\t\t\t\t<\/div>\n\t\t<\/div>\n\t\t\t\t\t<\/div>\n\t\t<\/section>\n\t\t\t\t<section class=\"elementor-section elementor-top-section elementor-element elementor-element-f2248aa elementor-section-boxed elementor-section-height-default elementor-section-height-default\" data-id=\"f2248aa\" data-element_type=\"section\">\n\t\t\t\t\t\t<div class=\"elementor-container elementor-column-gap-default\">\n\t\t\t\t\t<div class=\"elementor-column elementor-col-100 elementor-top-column elementor-element elementor-element-afef376\" data-id=\"afef376\" data-element_type=\"column\">\n\t\t\t<div class=\"elementor-widget-wrap elementor-element-populated\">\n\t\t\t\t\t\t<div class=\"elementor-element elementor-element-bbd41b9 elementor-widget elementor-widget-heading\" data-id=\"bbd41b9\" data-element_type=\"widget\" data-widget_type=\"heading.default\">\n\t\t\t\t<div class=\"elementor-widget-container\">\n\t\t\t\t\t<h2 class=\"elementor-heading-title elementor-size-default\">\u00bfQUIERES COLABORAR CON JANO FILTERS?<\/h2>\t\t\t\t<\/div>\n\t\t\t\t<\/div>\n\t\t\t\t<div class=\"elementor-element elementor-element-eb1097f elementor-widget elementor-widget-heading\" data-id=\"eb1097f\" data-element_type=\"widget\" data-widget_type=\"heading.default\">\n\t\t\t\t<div class=\"elementor-widget-container\">\n\t\t\t\t\t<h3 class=\"elementor-heading-title elementor-size-default\">\u00a1NO LO DUDES Y PONTE EN CONTACTO CON NOSOTROS!<\/h3>\t\t\t\t<\/div>\n\t\t\t\t<\/div>\n\t\t\t\t<div class=\"elementor-element elementor-element-54a7677 elementor-align-center elementor-widget elementor-widget-button\" data-id=\"54a7677\" data-element_type=\"widget\" data-widget_type=\"button.default\">\n\t\t\t\t<div class=\"elementor-widget-container\">\n\t\t\t\t\t\t\t\t\t<div class=\"elementor-button-wrapper\">\n\t\t\t\t\t<a class=\"elementor-button elementor-button-link elementor-size-sm\" href=\"https:\/\/janofilters.com\/en\/contacto\/\">\n\t\t\t\t\t\t<span class=\"elementor-button-content-wrapper\">\n\t\t\t\t\t\t\t\t\t<span class=\"elementor-button-text\">CONTACT<\/span>\n\t\t\t\t\t<\/span>\n\t\t\t\t\t<\/a>\n\t\t\t\t<\/div>\n\t\t\t\t\t\t\t\t<\/div>\n\t\t\t\t<\/div>\n\t\t\t\t\t<\/div>\n\t\t<\/div>\n\t\t\t\t\t<\/div>\n\t\t<\/section>\n\t\t\t\t<\/div>","protected":false},"excerpt":{"rendered":"<p>Spannabis, La feria del C\u00e1\u00f1amo y las tecnolog\u00edas alternativas llega a Bilbao Estamos emocionados de anunciar que Jano Filters participar\u00e1 en Spannabis 2025, la feria m\u00e1s importante del mundo dedicada al cannabis. Nos encontrar\u00e9is en el expositor 306, preparados para compartir nuestras innovaciones y productos con todos los asistentes. Spannabis se celebrar\u00e1 en el Auditorio [&hellip;]<\/p>","protected":false},"author":1,"featured_media":11699,"comment_status":"closed","ping_status":"open","sticky":false,"template":"","format":"standard","meta":{"site-sidebar-layout":"default","site-content-layout":"","ast-site-content-layout":"default","site-content-style":"default","site-sidebar-style":"default","ast-global-header-display":"","ast-banner-title-visibility":"","ast-main-header-display":"","ast-hfb-above-header-display":"","ast-hfb-below-header-display":"","ast-hfb-mobile-header-display":"","site-post-title":"","ast-breadcrumbs-content":"","ast-featured-img":"","footer-sml-layout":"","theme-transparent-header-meta":"","adv-header-id-meta":"","stick-header-meta":"","header-above-stick-meta":"","header-main-stick-meta":"","header-below-stick-meta":"","astra-migrate-meta-layouts":"set","ast-page-background-enabled":"default","ast-page-background-meta":{"desktop":{"background-color":"","background-image":"","background-repeat":"repeat","background-position":"center center","background-size":"auto","background-attachment":"scroll","background-type":"","background-media":"","overlay-type":"","overlay-color":"","overlay-opacity":"","overlay-gradient":""},"tablet":{"background-color":"","background-image":"","background-repeat":"repeat","background-position":"center center","background-size":"auto","background-attachment":"scroll","background-type":"","background-media":"","overlay-type":"","overlay-color":"","overlay-opacity":"","overlay-gradient":""},"mobile":{"background-color":"","background-image":"","background-repeat":"repeat","background-position":"center center","background-size":"auto","background-attachment":"scroll","background-type":"","background-media":"","overlay-type":"","overlay-color":"","overlay-opacity":"","overlay-gradient":""}},"ast-content-background-meta":{"desktop":{"background-color":"var(--ast-global-color-5)","background-image":"","background-repeat":"repeat","background-position":"center center","background-size":"auto","background-attachment":"scroll","background-type":"","background-media":"","overlay-type":"","overlay-color":"","overlay-opacity":"","overlay-gradient":""},"tablet":{"background-color":"var(--ast-global-color-5)","background-image":"","background-repeat":"repeat","background-position":"center center","background-size":"auto","background-attachment":"scroll","background-type":"","background-media":"","overlay-type":"","overlay-color":"","overlay-opacity":"","overlay-gradient":""},"mobile":{"background-color":"var(--ast-global-color-5)","background-image":"","background-repeat":"repeat","background-position":"center center","background-size":"auto","background-attachment":"scroll","background-type":"","background-media":"","overlay-type":"","overlay-color":"","overlay-opacity":"","overlay-gradient":""}},"_jetpack_memberships_contains_paid_content":false,"footnotes":""},"categories":[143,119],"tags":[123,121,142,141,138,120,139,122,159],"class_list":["post-11694","post","type-post","status-publish","format-standard","has-post-thumbnail","hentry","category-eventos","category-noticias-jano","tag-boquillas-jano-filters","tag-boquillas-reutilizables","tag-feria-canamo","tag-feria-del-cannabis","tag-filtros-biocompostables","tag-filtros-biodegradables","tag-filtros-pla-reciclables","tag-jano-filters","tag-spannabis-barcelona"],"yoast_head":"<!-- This site is optimized with the Yoast SEO plugin v25.3 - https:\/\/yoast.com\/wordpress\/plugins\/seo\/ -->\n<title>Jano Filters estar\u00e1 en Spannabis Barcelona | Jano Filters<\/title>\n<meta name=\"description\" content=\"Jano Filters estar\u00e1 en el Stand 306 de la Spannabis, la mayor feria del cannabis. El 14, 15 y 16 MARZO 2025. \u00a1Vis\u00edtanos!\" \/>\n<meta name=\"robots\" content=\"index, follow, max-snippet:-1, max-image-preview:large, max-video-preview:-1\" \/>\n<link rel=\"canonical\" href=\"https:\/\/janofilters.com\/en\/2025\/02\/24\/jano-filters-estara-presente-en-spannabis-2025\/\" \/>\n<meta property=\"og:locale\" content=\"en_US\" \/>\n<meta property=\"og:type\" content=\"article\" \/>\n<meta property=\"og:title\" content=\"Jano Filters estar\u00e1 en Spannabis Barcelona | Jano Filters\" \/>\n<meta property=\"og:description\" content=\"Jano Filters estar\u00e1 en el Stand 306 de la Spannabis, la mayor feria del cannabis. El 14, 15 y 16 MARZO 2025. \u00a1Vis\u00edtanos!\" \/>\n<meta property=\"og:url\" content=\"https:\/\/janofilters.com\/en\/2025\/02\/24\/jano-filters-estara-presente-en-spannabis-2025\/\" \/>\n<meta property=\"og:site_name\" content=\"Jano Filters\" \/>\n<meta property=\"article:publisher\" content=\"https:\/\/es-la.facebook.com\/janofilters\/\" \/>\n<meta property=\"article:published_time\" content=\"2025-02-24T08:41:54+00:00\" \/>\n<meta property=\"article:modified_time\" content=\"2025-03-03T09:06:19+00:00\" \/>\n<meta property=\"og:image\" content=\"https:\/\/janofilters.com\/wp-content\/uploads\/2025\/03\/spannabis-barcelona-2025.jpg\" \/>\n\t<meta property=\"og:image:width\" content=\"1024\" \/>\n\t<meta property=\"og:image:height\" content=\"683\" \/>\n\t<meta property=\"og:image:type\" content=\"image\/jpeg\" \/>\n<meta name=\"author\" content=\"admin.janofilters\" \/>\n<meta name=\"twitter:card\" content=\"summary_large_image\" \/>\n<meta name=\"twitter:creator\" content=\"@janofilters\" \/>\n<meta name=\"twitter:site\" content=\"@janofilters\" \/>\n<meta name=\"twitter:label1\" content=\"Written by\" \/>\n\t<meta name=\"twitter:data1\" content=\"admin.janofilters\" \/>\n\t<meta name=\"twitter:label2\" content=\"Est. reading time\" \/>\n\t<meta name=\"twitter:data2\" content=\"2 minutes\" \/>\n<script type=\"application\/ld+json\" class=\"yoast-schema-graph\">{\"@context\":\"https:\/\/schema.org\",\"@graph\":[{\"@type\":\"Article\",\"@id\":\"https:\/\/janofilters.com\/2025\/02\/24\/jano-filters-estara-presente-en-spannabis-2025\/#article\",\"isPartOf\":{\"@id\":\"https:\/\/janofilters.com\/2025\/02\/24\/jano-filters-estara-presente-en-spannabis-2025\/\"},\"author\":{\"name\":\"admin.janofilters\",\"@id\":\"http:\/\/janofilters.com\/es\/#\/schema\/person\/5590a6909b344dfd3ffafed1f462bb4d\"},\"headline\":\"\u00a1Jano Filters estar\u00e1 presente en Spannabis 2025!\",\"datePublished\":\"2025-02-24T08:41:54+00:00\",\"dateModified\":\"2025-03-03T09:06:19+00:00\",\"mainEntityOfPage\":{\"@id\":\"https:\/\/janofilters.com\/2025\/02\/24\/jano-filters-estara-presente-en-spannabis-2025\/\"},\"wordCount\":372,\"publisher\":{\"@id\":\"http:\/\/janofilters.com\/es\/#organization\"},\"image\":{\"@id\":\"https:\/\/janofilters.com\/2025\/02\/24\/jano-filters-estara-presente-en-spannabis-2025\/#primaryimage\"},\"thumbnailUrl\":\"https:\/\/janofilters.com\/wp-content\/uploads\/2025\/03\/spannabis-barcelona-2025.jpg\",\"keywords\":[\"boquillas jano filters\",\"boquillas reutilizables\",\"feria ca\u00f1amo\",\"feria del cannabis\",\"filtros biocompostables\",\"filtros biodegradables\",\"Filtros PLA reciclables\",\"jano filters\",\"spannabis barcelona\"],\"articleSection\":[\"Eventos\",\"Noticias Jano\"],\"inLanguage\":\"en-US\"},{\"@type\":\"WebPage\",\"@id\":\"https:\/\/janofilters.com\/2025\/02\/24\/jano-filters-estara-presente-en-spannabis-2025\/\",\"url\":\"https:\/\/janofilters.com\/2025\/02\/24\/jano-filters-estara-presente-en-spannabis-2025\/\",\"name\":\"Jano Filters estar\u00e1 en Spannabis Barcelona | Jano Filters\",\"isPartOf\":{\"@id\":\"http:\/\/janofilters.com\/es\/#website\"},\"primaryImageOfPage\":{\"@id\":\"https:\/\/janofilters.com\/2025\/02\/24\/jano-filters-estara-presente-en-spannabis-2025\/#primaryimage\"},\"image\":{\"@id\":\"https:\/\/janofilters.com\/2025\/02\/24\/jano-filters-estara-presente-en-spannabis-2025\/#primaryimage\"},\"thumbnailUrl\":\"https:\/\/janofilters.com\/wp-content\/uploads\/2025\/03\/spannabis-barcelona-2025.jpg\",\"datePublished\":\"2025-02-24T08:41:54+00:00\",\"dateModified\":\"2025-03-03T09:06:19+00:00\",\"description\":\"Jano Filters estar\u00e1 en el Stand 306 de la Spannabis, la mayor feria del cannabis. El 14, 15 y 16 MARZO 2025. \u00a1Vis\u00edtanos!\",\"breadcrumb\":{\"@id\":\"https:\/\/janofilters.com\/2025\/02\/24\/jano-filters-estara-presente-en-spannabis-2025\/#breadcrumb\"},\"inLanguage\":\"en-US\",\"potentialAction\":[{\"@type\":\"ReadAction\",\"target\":[\"https:\/\/janofilters.com\/2025\/02\/24\/jano-filters-estara-presente-en-spannabis-2025\/\"]}]},{\"@type\":\"ImageObject\",\"inLanguage\":\"en-US\",\"@id\":\"https:\/\/janofilters.com\/2025\/02\/24\/jano-filters-estara-presente-en-spannabis-2025\/#primaryimage\",\"url\":\"https:\/\/janofilters.com\/wp-content\/uploads\/2025\/03\/spannabis-barcelona-2025.jpg\",\"contentUrl\":\"https:\/\/janofilters.com\/wp-content\/uploads\/2025\/03\/spannabis-barcelona-2025.jpg\",\"width\":1024,\"height\":683,\"caption\":\"Spannabis barcelona 2025, feria cannabis | Jano Filters\"},{\"@type\":\"BreadcrumbList\",\"@id\":\"https:\/\/janofilters.com\/2025\/02\/24\/jano-filters-estara-presente-en-spannabis-2025\/#breadcrumb\",\"itemListElement\":[{\"@type\":\"ListItem\",\"position\":1,\"name\":\"Portada\",\"item\":\"https:\/\/janofilters.com\/es\/\"},{\"@type\":\"ListItem\",\"position\":2,\"name\":\"\u00a1Jano Filters estar\u00e1 presente en Spannabis 2025!\"}]},{\"@type\":\"WebSite\",\"@id\":\"http:\/\/janofilters.com\/es\/#website\",\"url\":\"http:\/\/janofilters.com\/es\/\",\"name\":\"Jano Filters\",\"description\":\"Dise\u00f1os e inventos 420 creados para compartir.\",\"publisher\":{\"@id\":\"http:\/\/janofilters.com\/es\/#organization\"},\"potentialAction\":[{\"@type\":\"SearchAction\",\"target\":{\"@type\":\"EntryPoint\",\"urlTemplate\":\"http:\/\/janofilters.com\/es\/?s={search_term_string}\"},\"query-input\":{\"@type\":\"PropertyValueSpecification\",\"valueRequired\":true,\"valueName\":\"search_term_string\"}}],\"inLanguage\":\"en-US\"},{\"@type\":\"Organization\",\"@id\":\"http:\/\/janofilters.com\/es\/#organization\",\"name\":\"Jano Filters\",\"url\":\"http:\/\/janofilters.com\/es\/\",\"logo\":{\"@type\":\"ImageObject\",\"inLanguage\":\"en-US\",\"@id\":\"http:\/\/janofilters.com\/es\/#\/schema\/logo\/image\/\",\"url\":\"https:\/\/janofilters.com\/wp-content\/uploads\/2021\/01\/cropped-Logo_BN.png\",\"contentUrl\":\"https:\/\/janofilters.com\/wp-content\/uploads\/2021\/01\/cropped-Logo_BN.png\",\"width\":268,\"height\":146,\"caption\":\"Jano Filters\"},\"image\":{\"@id\":\"http:\/\/janofilters.com\/es\/#\/schema\/logo\/image\/\"},\"sameAs\":[\"https:\/\/es-la.facebook.com\/janofilters\/\",\"https:\/\/x.com\/janofilters\",\"https:\/\/www.instagram.com\/janofilters\/\",\"https:\/\/www.tiktok.com\/@janofactory\",\"https:\/\/www.youtube.com\/channel\/UCGj3q5sMCCr2Tk6VwY838Nw\"]},{\"@type\":\"Person\",\"@id\":\"http:\/\/janofilters.com\/es\/#\/schema\/person\/5590a6909b344dfd3ffafed1f462bb4d\",\"name\":\"admin.janofilters\",\"image\":{\"@type\":\"ImageObject\",\"inLanguage\":\"en-US\",\"@id\":\"http:\/\/janofilters.com\/es\/#\/schema\/person\/image\/\",\"url\":\"https:\/\/secure.gravatar.com\/avatar\/a3532ecb1b95303e52d249d7430f1735?s=96&d=mm&r=g\",\"contentUrl\":\"https:\/\/secure.gravatar.com\/avatar\/a3532ecb1b95303e52d249d7430f1735?s=96&d=mm&r=g\",\"caption\":\"admin.janofilters\"},\"url\":\"https:\/\/janofilters.com\/en\/author\/admin-janofilters\/\"}]}<\/script>\n<!-- \/ Yoast SEO plugin. -->","yoast_head_json":{"title":"Jano Filters estar\u00e1 en Spannabis Barcelona | Jano Filters","description":"Jano Filters estar\u00e1 en el Stand 306 de la Spannabis, la mayor feria del cannabis. El 14, 15 y 16 MARZO 2025. \u00a1Vis\u00edtanos!","robots":{"index":"index","follow":"follow","max-snippet":"max-snippet:-1","max-image-preview":"max-image-preview:large","max-video-preview":"max-video-preview:-1"},"canonical":"https:\/\/janofilters.com\/en\/2025\/02\/24\/jano-filters-estara-presente-en-spannabis-2025\/","og_locale":"en_US","og_type":"article","og_title":"Jano Filters estar\u00e1 en Spannabis Barcelona | Jano Filters","og_description":"Jano Filters estar\u00e1 en el Stand 306 de la Spannabis, la mayor feria del cannabis. El 14, 15 y 16 MARZO 2025. \u00a1Vis\u00edtanos!","og_url":"https:\/\/janofilters.com\/en\/2025\/02\/24\/jano-filters-estara-presente-en-spannabis-2025\/","og_site_name":"Jano Filters","article_publisher":"https:\/\/es-la.facebook.com\/janofilters\/","article_published_time":"2025-02-24T08:41:54+00:00","article_modified_time":"2025-03-03T09:06:19+00:00","og_image":[{"width":1024,"height":683,"url":"https:\/\/janofilters.com\/wp-content\/uploads\/2025\/03\/spannabis-barcelona-2025.jpg","type":"image\/jpeg"}],"author":"admin.janofilters","twitter_card":"summary_large_image","twitter_creator":"@janofilters","twitter_site":"@janofilters","twitter_misc":{"Written by":"admin.janofilters","Est. reading time":"2 minutes"},"schema":{"@context":"https:\/\/schema.org","@graph":[{"@type":"Article","@id":"https:\/\/janofilters.com\/2025\/02\/24\/jano-filters-estara-presente-en-spannabis-2025\/#article","isPartOf":{"@id":"https:\/\/janofilters.com\/2025\/02\/24\/jano-filters-estara-presente-en-spannabis-2025\/"},"author":{"name":"admin.janofilters","@id":"http:\/\/janofilters.com\/es\/#\/schema\/person\/5590a6909b344dfd3ffafed1f462bb4d"},"headline":"\u00a1Jano Filters estar\u00e1 presente en Spannabis 2025!","datePublished":"2025-02-24T08:41:54+00:00","dateModified":"2025-03-03T09:06:19+00:00","mainEntityOfPage":{"@id":"https:\/\/janofilters.com\/2025\/02\/24\/jano-filters-estara-presente-en-spannabis-2025\/"},"wordCount":372,"publisher":{"@id":"http:\/\/janofilters.com\/es\/#organization"},"image":{"@id":"https:\/\/janofilters.com\/2025\/02\/24\/jano-filters-estara-presente-en-spannabis-2025\/#primaryimage"},"thumbnailUrl":"https:\/\/janofilters.com\/wp-content\/uploads\/2025\/03\/spannabis-barcelona-2025.jpg","keywords":["boquillas jano filters","boquillas reutilizables","feria ca\u00f1amo","feria del cannabis","filtros biocompostables","filtros biodegradables","Filtros PLA reciclables","jano filters","spannabis barcelona"],"articleSection":["Eventos","Noticias Jano"],"inLanguage":"en-US"},{"@type":"WebPage","@id":"https:\/\/janofilters.com\/2025\/02\/24\/jano-filters-estara-presente-en-spannabis-2025\/","url":"https:\/\/janofilters.com\/2025\/02\/24\/jano-filters-estara-presente-en-spannabis-2025\/","name":"Jano Filters estar\u00e1 en Spannabis Barcelona | Jano Filters","isPartOf":{"@id":"http:\/\/janofilters.com\/es\/#website"},"primaryImageOfPage":{"@id":"https:\/\/janofilters.com\/2025\/02\/24\/jano-filters-estara-presente-en-spannabis-2025\/#primaryimage"},"image":{"@id":"https:\/\/janofilters.com\/2025\/02\/24\/jano-filters-estara-presente-en-spannabis-2025\/#primaryimage"},"thumbnailUrl":"https:\/\/janofilters.com\/wp-content\/uploads\/2025\/03\/spannabis-barcelona-2025.jpg","datePublished":"2025-02-24T08:41:54+00:00","dateModified":"2025-03-03T09:06:19+00:00","description":"Jano Filters estar\u00e1 en el Stand 306 de la Spannabis, la mayor feria del cannabis. El 14, 15 y 16 MARZO 2025. \u00a1Vis\u00edtanos!","breadcrumb":{"@id":"https:\/\/janofilters.com\/2025\/02\/24\/jano-filters-estara-presente-en-spannabis-2025\/#breadcrumb"},"inLanguage":"en-US","potentialAction":[{"@type":"ReadAction","target":["https:\/\/janofilters.com\/2025\/02\/24\/jano-filters-estara-presente-en-spannabis-2025\/"]}]},{"@type":"ImageObject","inLanguage":"en-US","@id":"https:\/\/janofilters.com\/2025\/02\/24\/jano-filters-estara-presente-en-spannabis-2025\/#primaryimage","url":"https:\/\/janofilters.com\/wp-content\/uploads\/2025\/03\/spannabis-barcelona-2025.jpg","contentUrl":"https:\/\/janofilters.com\/wp-content\/uploads\/2025\/03\/spannabis-barcelona-2025.jpg","width":1024,"height":683,"caption":"Spannabis barcelona 2025, feria cannabis | Jano Filters"},{"@type":"BreadcrumbList","@id":"https:\/\/janofilters.com\/2025\/02\/24\/jano-filters-estara-presente-en-spannabis-2025\/#breadcrumb","itemListElement":[{"@type":"ListItem","position":1,"name":"Portada","item":"https:\/\/janofilters.com\/es\/"},{"@type":"ListItem","position":2,"name":"\u00a1Jano Filters estar\u00e1 presente en Spannabis 2025!"}]},{"@type":"WebSite","@id":"http:\/\/janofilters.com\/es\/#website","url":"http:\/\/janofilters.com\/es\/","name":"Jano Filters","description":"Dise\u00f1os e inventos 420 creados para compartir.","publisher":{"@id":"http:\/\/janofilters.com\/es\/#organization"},"potentialAction":[{"@type":"SearchAction","target":{"@type":"EntryPoint","urlTemplate":"http:\/\/janofilters.com\/es\/?s={search_term_string}"},"query-input":{"@type":"PropertyValueSpecification","valueRequired":true,"valueName":"search_term_string"}}],"inLanguage":"en-US"},{"@type":"Organization","@id":"http:\/\/janofilters.com\/es\/#organization","name":"Jano Filters","url":"http:\/\/janofilters.com\/es\/","logo":{"@type":"ImageObject","inLanguage":"en-US","@id":"http:\/\/janofilters.com\/es\/#\/schema\/logo\/image\/","url":"https:\/\/janofilters.com\/wp-content\/uploads\/2021\/01\/cropped-Logo_BN.png","contentUrl":"https:\/\/janofilters.com\/wp-content\/uploads\/2021\/01\/cropped-Logo_BN.png","width":268,"height":146,"caption":"Jano Filters"},"image":{"@id":"http:\/\/janofilters.com\/es\/#\/schema\/logo\/image\/"},"sameAs":["https:\/\/es-la.facebook.com\/janofilters\/","https:\/\/x.com\/janofilters","https:\/\/www.instagram.com\/janofilters\/","https:\/\/www.tiktok.com\/@janofactory","https:\/\/www.youtube.com\/channel\/UCGj3q5sMCCr2Tk6VwY838Nw"]},{"@type":"Person","@id":"http:\/\/janofilters.com\/es\/#\/schema\/person\/5590a6909b344dfd3ffafed1f462bb4d","name":"admin.janofilters","image":{"@type":"ImageObject","inLanguage":"en-US","@id":"http:\/\/janofilters.com\/es\/#\/schema\/person\/image\/","url":"https:\/\/secure.gravatar.com\/avatar\/a3532ecb1b95303e52d249d7430f1735?s=96&d=mm&r=g","contentUrl":"https:\/\/secure.gravatar.com\/avatar\/a3532ecb1b95303e52d249d7430f1735?s=96&d=mm&r=g","caption":"admin.janofilters"},"url":"https:\/\/janofilters.com\/en\/author\/admin-janofilters\/"}]}},"jetpack_sharing_enabled":true,"jetpack_featured_media_url":"https:\/\/janofilters.com\/wp-content\/uploads\/2025\/03\/spannabis-barcelona-2025.jpg","_links":{"self":[{"href":"https:\/\/janofilters.com\/en\/wp-json\/wp\/v2\/posts\/11694","targetHints":{"allow":["GET"]}}],"collection":[{"href":"https:\/\/janofilters.com\/en\/wp-json\/wp\/v2\/posts"}],"about":[{"href":"https:\/\/janofilters.com\/en\/wp-json\/wp\/v2\/types\/post"}],"author":[{"embeddable":true,"href":"https:\/\/janofilters.com\/en\/wp-json\/wp\/v2\/users\/1"}],"replies":[{"embeddable":true,"href":"https:\/\/janofilters.com\/en\/wp-json\/wp\/v2\/comments?post=11694"}],"version-history":[{"count":4,"href":"https:\/\/janofilters.com\/en\/wp-json\/wp\/v2\/posts\/11694\/revisions"}],"predecessor-version":[{"id":11698,"href":"https:\/\/janofilters.com\/en\/wp-json\/wp\/v2\/posts\/11694\/revisions\/11698"}],"wp:featuredmedia":[{"embeddable":true,"href":"https:\/\/janofilters.com\/en\/wp-json\/wp\/v2\/media\/11699"}],"wp:attachment":[{"href":"https:\/\/janofilters.com\/en\/wp-json\/wp\/v2\/media?parent=11694"}],"wp:term":[{"taxonomy":"category","embeddable":true,"href":"https:\/\/janofilters.com\/en\/wp-json\/wp\/v2\/categories?post=11694"},{"taxonomy":"post_tag","embeddable":true,"href":"https:\/\/janofilters.com\/en\/wp-json\/wp\/v2\/tags?post=11694"}],"curies":[{"name":"wp","href":"https:\/\/api.w.org\/{rel}","templated":true}]}}