{"id":10253,"date":"2023-11-20T10:42:03","date_gmt":"2023-11-20T09:42:03","guid":{"rendered":"https:\/\/janofilters.com\/?p=10253"},"modified":"2023-12-18T12:48:04","modified_gmt":"2023-12-18T11:48:04","slug":"jano-lo-ha-vuelto-a-hacer-calendario-de-adviento-2023-jano-filters","status":"publish","type":"post","link":"https:\/\/janofilters.com\/es\/2023\/11\/20\/jano-lo-ha-vuelto-a-hacer-calendario-de-adviento-2023-jano-filters\/","title":{"rendered":"\u00a1Jano lo ha vuelto a hacer! Calendario de adviento 2023 Jano Filters"},"content":{"rendered":"\t\t<div data-elementor-type=\"wp-post\" data-elementor-id=\"10253\" class=\"elementor elementor-10253\">\n\t\t\t\t\t\t<section class=\"elementor-section elementor-top-section elementor-element elementor-element-4908205c elementor-section-boxed elementor-section-height-default elementor-section-height-default\" data-id=\"4908205c\" data-element_type=\"section\">\n\t\t\t\t\t\t<div class=\"elementor-container elementor-column-gap-default\">\n\t\t\t\t\t<div class=\"elementor-column elementor-col-100 elementor-top-column elementor-element elementor-element-286176f8\" data-id=\"286176f8\" data-element_type=\"column\">\n\t\t\t<div class=\"elementor-widget-wrap elementor-element-populated\">\n\t\t\t\t\t\t<div class=\"elementor-element elementor-element-229fda3a elementor-widget elementor-widget-text-editor\" data-id=\"229fda3a\" data-element_type=\"widget\" data-widget_type=\"text-editor.default\">\n\t\t\t\t<div class=\"elementor-widget-container\">\n\t\t\t\t\t\t\t\t\t<p>Llevamos meses d\u00e1ndole vueltas a c\u00f3mo sacar al mercado un Calendario de Adviento que est\u00e9 a la altura de Jano.<\/p><p><\/p><\/div><\/div><\/div><\/div><\/div><\/section><\/div> &hellip;<p class=\"ast-the-content-more-link\"> <a class=\"\" href=\"https:\/\/janofilters.com\/es\/2023\/11\/20\/jano-lo-ha-vuelto-a-hacer-calendario-de-adviento-2023-jano-filters\/\"> <span class=\"screen-reader-text\">\u00a1Jano lo ha vuelto a hacer! Calendario de adviento 2023 Jano Filters<\/span>Leer m\u00e1s &raquo;<\/a><\/p>","protected":false},"excerpt":{"rendered":"<p>Llevamos meses d\u00e1ndole vueltas a c\u00f3mo sacar al mercado un Calendario de Adviento que est\u00e9 a la altura de Jano.<\/p>\n","protected":false},"author":1,"featured_media":10172,"comment_status":"closed","ping_status":"open","sticky":false,"template":"","format":"standard","meta":{"site-sidebar-layout":"default","site-content-layout":"","ast-site-content-layout":"default","site-content-style":"default","site-sidebar-style":"default","ast-global-header-display":"","ast-banner-title-visibility":"","ast-main-header-display":"","ast-hfb-above-header-display":"","ast-hfb-below-header-display":"","ast-hfb-mobile-header-display":"","site-post-title":"","ast-breadcrumbs-content":"","ast-featured-img":"","footer-sml-layout":"","theme-transparent-header-meta":"","adv-header-id-meta":"","stick-header-meta":"","header-above-stick-meta":"","header-main-stick-meta":"","header-below-stick-meta":"","astra-migrate-meta-layouts":"set","ast-page-background-enabled":"default","ast-page-background-meta":{"desktop":{"background-color":"","background-image":"","background-repeat":"repeat","background-position":"center center","background-size":"auto","background-attachment":"scroll","background-type":"","background-media":"","overlay-type":"","overlay-color":"","overlay-opacity":"","overlay-gradient":""},"tablet":{"background-color":"","background-image":"","background-repeat":"repeat","background-position":"center center","background-size":"auto","background-attachment":"scroll","background-type":"","background-media":"","overlay-type":"","overlay-color":"","overlay-opacity":"","overlay-gradient":""},"mobile":{"background-color":"","background-image":"","background-repeat":"repeat","background-position":"center center","background-size":"auto","background-attachment":"scroll","background-type":"","background-media":"","overlay-type":"","overlay-color":"","overlay-opacity":"","overlay-gradient":""}},"ast-content-background-meta":{"desktop":{"background-color":"var(--ast-global-color-5)","background-image":"","background-repeat":"repeat","background-position":"center center","background-size":"auto","background-attachment":"scroll","background-type":"","background-media":"","overlay-type":"","overlay-color":"","overlay-opacity":"","overlay-gradient":""},"tablet":{"background-color":"var(--ast-global-color-5)","background-image":"","background-repeat":"repeat","background-position":"center center","background-size":"auto","background-attachment":"scroll","background-type":"","background-media":"","overlay-type":"","overlay-color":"","overlay-opacity":"","overlay-gradient":""},"mobile":{"background-color":"var(--ast-global-color-5)","background-image":"","background-repeat":"repeat","background-position":"center center","background-size":"auto","background-attachment":"scroll","background-type":"","background-media":"","overlay-type":"","overlay-color":"","overlay-opacity":"","overlay-gradient":""}},"_jetpack_memberships_contains_paid_content":false,"footnotes":""},"categories":[99,118],"tags":[123,121,127,128,120,122,125,124],"class_list":["post-10253","post","type-post","status-publish","format-standard","has-post-thumbnail","hentry","category-lanzamientos-jano-filters","category-nuevos-productos-janofilters","tag-boquillas-jano-filters","tag-boquillas-reutilizables","tag-calendario-adviento","tag-calendario-adviento-jano-filters","tag-filtros-biodegradables","tag-jano-filters","tag-kits-ahorro-filtros","tag-kits-jano-filters"],"yoast_head":"<!-- This site is optimized with the Yoast SEO plugin v25.3 - https:\/\/yoast.com\/wordpress\/plugins\/seo\/ -->\n<title>\u00a1Jano lo ha vuelto a hacer! Calendario de adviento 2023 Jano Filters - Jano Filters<\/title>\n<meta name=\"description\" content=\"No desvelaremos qu\u00e9 hay dentro, pero aseguramos que el valor del interior es superior a su precio. YA DISPONIBLE EN WEB | Jano Filters\" \/>\n<meta name=\"robots\" content=\"index, follow, max-snippet:-1, max-image-preview:large, max-video-preview:-1\" \/>\n<link rel=\"canonical\" href=\"https:\/\/janofilters.com\/es\/2023\/11\/20\/jano-lo-ha-vuelto-a-hacer-calendario-de-adviento-2023-jano-filters\/\" \/>\n<meta property=\"og:locale\" content=\"es_ES\" \/>\n<meta property=\"og:type\" content=\"article\" \/>\n<meta property=\"og:title\" content=\"\u00a1Jano lo ha vuelto a hacer! Calendario de adviento 2023 Jano Filters - Jano Filters\" \/>\n<meta property=\"og:description\" content=\"No desvelaremos qu\u00e9 hay dentro, pero aseguramos que el valor del interior es superior a su precio. YA DISPONIBLE EN WEB | Jano Filters\" \/>\n<meta property=\"og:url\" content=\"https:\/\/janofilters.com\/es\/2023\/11\/20\/jano-lo-ha-vuelto-a-hacer-calendario-de-adviento-2023-jano-filters\/\" \/>\n<meta property=\"og:site_name\" content=\"Jano Filters\" \/>\n<meta property=\"article:publisher\" content=\"https:\/\/es-la.facebook.com\/janofilters\/\" \/>\n<meta property=\"article:published_time\" content=\"2023-11-20T09:42:03+00:00\" \/>\n<meta property=\"article:modified_time\" content=\"2023-12-18T11:48:04+00:00\" \/>\n<meta property=\"og:image\" content=\"https:\/\/janofilters.com\/wp-content\/uploads\/2023\/11\/CALENDARIO.jpg\" \/>\n\t<meta property=\"og:image:width\" content=\"800\" \/>\n\t<meta property=\"og:image:height\" content=\"800\" \/>\n\t<meta property=\"og:image:type\" content=\"image\/jpeg\" \/>\n<meta name=\"author\" content=\"admin.janofilters\" \/>\n<meta name=\"twitter:card\" content=\"summary_large_image\" \/>\n<meta name=\"twitter:creator\" content=\"@janofilters\" \/>\n<meta name=\"twitter:site\" content=\"@janofilters\" \/>\n<meta name=\"twitter:label1\" content=\"Escrito por\" \/>\n\t<meta name=\"twitter:data1\" content=\"admin.janofilters\" \/>\n\t<meta name=\"twitter:label2\" content=\"Tiempo de lectura\" \/>\n\t<meta name=\"twitter:data2\" content=\"3 minutos\" \/>\n<script type=\"application\/ld+json\" class=\"yoast-schema-graph\">{\"@context\":\"https:\/\/schema.org\",\"@graph\":[{\"@type\":\"Article\",\"@id\":\"https:\/\/janofilters.com\/es\/2023\/11\/20\/jano-lo-ha-vuelto-a-hacer-calendario-de-adviento-2023-jano-filters\/#article\",\"isPartOf\":{\"@id\":\"https:\/\/janofilters.com\/es\/2023\/11\/20\/jano-lo-ha-vuelto-a-hacer-calendario-de-adviento-2023-jano-filters\/\"},\"author\":{\"name\":\"admin.janofilters\",\"@id\":\"http:\/\/janofilters.com\/es\/#\/schema\/person\/5590a6909b344dfd3ffafed1f462bb4d\"},\"headline\":\"\u00a1Jano lo ha vuelto a hacer! Calendario de adviento 2023 Jano Filters\",\"datePublished\":\"2023-11-20T09:42:03+00:00\",\"dateModified\":\"2023-12-18T11:48:04+00:00\",\"mainEntityOfPage\":{\"@id\":\"https:\/\/janofilters.com\/es\/2023\/11\/20\/jano-lo-ha-vuelto-a-hacer-calendario-de-adviento-2023-jano-filters\/\"},\"wordCount\":224,\"publisher\":{\"@id\":\"http:\/\/janofilters.com\/es\/#organization\"},\"image\":{\"@id\":\"https:\/\/janofilters.com\/es\/2023\/11\/20\/jano-lo-ha-vuelto-a-hacer-calendario-de-adviento-2023-jano-filters\/#primaryimage\"},\"thumbnailUrl\":\"https:\/\/janofilters.com\/wp-content\/uploads\/2023\/11\/CALENDARIO.jpg\",\"keywords\":[\"boquillas jano filters\",\"boquillas reutilizables\",\"calendario adviento\",\"calendario adviento jano filters\",\"filtros biodegradables\",\"jano filters\",\"kits ahorro filtros\",\"kits jano filters\"],\"articleSection\":[\"Lanzamientos\",\"Nuevos productos\"],\"inLanguage\":\"es\"},{\"@type\":\"WebPage\",\"@id\":\"https:\/\/janofilters.com\/es\/2023\/11\/20\/jano-lo-ha-vuelto-a-hacer-calendario-de-adviento-2023-jano-filters\/\",\"url\":\"https:\/\/janofilters.com\/es\/2023\/11\/20\/jano-lo-ha-vuelto-a-hacer-calendario-de-adviento-2023-jano-filters\/\",\"name\":\"\u00a1Jano lo ha vuelto a hacer! Calendario de adviento 2023 Jano Filters - Jano Filters\",\"isPartOf\":{\"@id\":\"http:\/\/janofilters.com\/es\/#website\"},\"primaryImageOfPage\":{\"@id\":\"https:\/\/janofilters.com\/es\/2023\/11\/20\/jano-lo-ha-vuelto-a-hacer-calendario-de-adviento-2023-jano-filters\/#primaryimage\"},\"image\":{\"@id\":\"https:\/\/janofilters.com\/es\/2023\/11\/20\/jano-lo-ha-vuelto-a-hacer-calendario-de-adviento-2023-jano-filters\/#primaryimage\"},\"thumbnailUrl\":\"https:\/\/janofilters.com\/wp-content\/uploads\/2023\/11\/CALENDARIO.jpg\",\"datePublished\":\"2023-11-20T09:42:03+00:00\",\"dateModified\":\"2023-12-18T11:48:04+00:00\",\"description\":\"No desvelaremos qu\u00e9 hay dentro, pero aseguramos que el valor del interior es superior a su precio. YA DISPONIBLE EN WEB | Jano Filters\",\"breadcrumb\":{\"@id\":\"https:\/\/janofilters.com\/es\/2023\/11\/20\/jano-lo-ha-vuelto-a-hacer-calendario-de-adviento-2023-jano-filters\/#breadcrumb\"},\"inLanguage\":\"es\",\"potentialAction\":[{\"@type\":\"ReadAction\",\"target\":[\"https:\/\/janofilters.com\/es\/2023\/11\/20\/jano-lo-ha-vuelto-a-hacer-calendario-de-adviento-2023-jano-filters\/\"]}]},{\"@type\":\"ImageObject\",\"inLanguage\":\"es\",\"@id\":\"https:\/\/janofilters.com\/es\/2023\/11\/20\/jano-lo-ha-vuelto-a-hacer-calendario-de-adviento-2023-jano-filters\/#primaryimage\",\"url\":\"https:\/\/janofilters.com\/wp-content\/uploads\/2023\/11\/CALENDARIO.jpg\",\"contentUrl\":\"https:\/\/janofilters.com\/wp-content\/uploads\/2023\/11\/CALENDARIO.jpg\",\"width\":800,\"height\":800},{\"@type\":\"BreadcrumbList\",\"@id\":\"https:\/\/janofilters.com\/es\/2023\/11\/20\/jano-lo-ha-vuelto-a-hacer-calendario-de-adviento-2023-jano-filters\/#breadcrumb\",\"itemListElement\":[{\"@type\":\"ListItem\",\"position\":1,\"name\":\"Portada\",\"item\":\"https:\/\/janofilters.com\/es\/\"},{\"@type\":\"ListItem\",\"position\":2,\"name\":\"\u00a1Jano lo ha vuelto a hacer! Calendario de adviento 2023 Jano Filters\"}]},{\"@type\":\"WebSite\",\"@id\":\"http:\/\/janofilters.com\/es\/#website\",\"url\":\"http:\/\/janofilters.com\/es\/\",\"name\":\"Jano Filters\",\"description\":\"Dise\u00f1os e inventos 420 creados para compartir.\",\"publisher\":{\"@id\":\"http:\/\/janofilters.com\/es\/#organization\"},\"potentialAction\":[{\"@type\":\"SearchAction\",\"target\":{\"@type\":\"EntryPoint\",\"urlTemplate\":\"http:\/\/janofilters.com\/es\/?s={search_term_string}\"},\"query-input\":{\"@type\":\"PropertyValueSpecification\",\"valueRequired\":true,\"valueName\":\"search_term_string\"}}],\"inLanguage\":\"es\"},{\"@type\":\"Organization\",\"@id\":\"http:\/\/janofilters.com\/es\/#organization\",\"name\":\"Jano Filters\",\"url\":\"http:\/\/janofilters.com\/es\/\",\"logo\":{\"@type\":\"ImageObject\",\"inLanguage\":\"es\",\"@id\":\"http:\/\/janofilters.com\/es\/#\/schema\/logo\/image\/\",\"url\":\"https:\/\/janofilters.com\/wp-content\/uploads\/2021\/01\/cropped-Logo_BN.png\",\"contentUrl\":\"https:\/\/janofilters.com\/wp-content\/uploads\/2021\/01\/cropped-Logo_BN.png\",\"width\":268,\"height\":146,\"caption\":\"Jano Filters\"},\"image\":{\"@id\":\"http:\/\/janofilters.com\/es\/#\/schema\/logo\/image\/\"},\"sameAs\":[\"https:\/\/es-la.facebook.com\/janofilters\/\",\"https:\/\/x.com\/janofilters\",\"https:\/\/www.instagram.com\/janofilters\/\",\"https:\/\/www.tiktok.com\/@janofactory\",\"https:\/\/www.youtube.com\/channel\/UCGj3q5sMCCr2Tk6VwY838Nw\"]},{\"@type\":\"Person\",\"@id\":\"http:\/\/janofilters.com\/es\/#\/schema\/person\/5590a6909b344dfd3ffafed1f462bb4d\",\"name\":\"admin.janofilters\",\"image\":{\"@type\":\"ImageObject\",\"inLanguage\":\"es\",\"@id\":\"http:\/\/janofilters.com\/es\/#\/schema\/person\/image\/\",\"url\":\"https:\/\/secure.gravatar.com\/avatar\/a3532ecb1b95303e52d249d7430f1735?s=96&d=mm&r=g\",\"contentUrl\":\"https:\/\/secure.gravatar.com\/avatar\/a3532ecb1b95303e52d249d7430f1735?s=96&d=mm&r=g\",\"caption\":\"admin.janofilters\"},\"url\":\"https:\/\/janofilters.com\/es\/author\/admin-janofilters\/\"}]}<\/script>\n<!-- \/ Yoast SEO plugin. -->","yoast_head_json":{"title":"\u00a1Jano lo ha vuelto a hacer! Calendario de adviento 2023 Jano Filters - Jano Filters","description":"No desvelaremos qu\u00e9 hay dentro, pero aseguramos que el valor del interior es superior a su precio. YA DISPONIBLE EN WEB | Jano Filters","robots":{"index":"index","follow":"follow","max-snippet":"max-snippet:-1","max-image-preview":"max-image-preview:large","max-video-preview":"max-video-preview:-1"},"canonical":"https:\/\/janofilters.com\/es\/2023\/11\/20\/jano-lo-ha-vuelto-a-hacer-calendario-de-adviento-2023-jano-filters\/","og_locale":"es_ES","og_type":"article","og_title":"\u00a1Jano lo ha vuelto a hacer! Calendario de adviento 2023 Jano Filters - Jano Filters","og_description":"No desvelaremos qu\u00e9 hay dentro, pero aseguramos que el valor del interior es superior a su precio. YA DISPONIBLE EN WEB | Jano Filters","og_url":"https:\/\/janofilters.com\/es\/2023\/11\/20\/jano-lo-ha-vuelto-a-hacer-calendario-de-adviento-2023-jano-filters\/","og_site_name":"Jano Filters","article_publisher":"https:\/\/es-la.facebook.com\/janofilters\/","article_published_time":"2023-11-20T09:42:03+00:00","article_modified_time":"2023-12-18T11:48:04+00:00","og_image":[{"width":800,"height":800,"url":"https:\/\/janofilters.com\/wp-content\/uploads\/2023\/11\/CALENDARIO.jpg","type":"image\/jpeg"}],"author":"admin.janofilters","twitter_card":"summary_large_image","twitter_creator":"@janofilters","twitter_site":"@janofilters","twitter_misc":{"Escrito por":"admin.janofilters","Tiempo de lectura":"3 minutos"},"schema":{"@context":"https:\/\/schema.org","@graph":[{"@type":"Article","@id":"https:\/\/janofilters.com\/es\/2023\/11\/20\/jano-lo-ha-vuelto-a-hacer-calendario-de-adviento-2023-jano-filters\/#article","isPartOf":{"@id":"https:\/\/janofilters.com\/es\/2023\/11\/20\/jano-lo-ha-vuelto-a-hacer-calendario-de-adviento-2023-jano-filters\/"},"author":{"name":"admin.janofilters","@id":"http:\/\/janofilters.com\/es\/#\/schema\/person\/5590a6909b344dfd3ffafed1f462bb4d"},"headline":"\u00a1Jano lo ha vuelto a hacer! Calendario de adviento 2023 Jano Filters","datePublished":"2023-11-20T09:42:03+00:00","dateModified":"2023-12-18T11:48:04+00:00","mainEntityOfPage":{"@id":"https:\/\/janofilters.com\/es\/2023\/11\/20\/jano-lo-ha-vuelto-a-hacer-calendario-de-adviento-2023-jano-filters\/"},"wordCount":224,"publisher":{"@id":"http:\/\/janofilters.com\/es\/#organization"},"image":{"@id":"https:\/\/janofilters.com\/es\/2023\/11\/20\/jano-lo-ha-vuelto-a-hacer-calendario-de-adviento-2023-jano-filters\/#primaryimage"},"thumbnailUrl":"https:\/\/janofilters.com\/wp-content\/uploads\/2023\/11\/CALENDARIO.jpg","keywords":["boquillas jano filters","boquillas reutilizables","calendario adviento","calendario adviento jano filters","filtros biodegradables","jano filters","kits ahorro filtros","kits jano filters"],"articleSection":["Lanzamientos","Nuevos productos"],"inLanguage":"es"},{"@type":"WebPage","@id":"https:\/\/janofilters.com\/es\/2023\/11\/20\/jano-lo-ha-vuelto-a-hacer-calendario-de-adviento-2023-jano-filters\/","url":"https:\/\/janofilters.com\/es\/2023\/11\/20\/jano-lo-ha-vuelto-a-hacer-calendario-de-adviento-2023-jano-filters\/","name":"\u00a1Jano lo ha vuelto a hacer! Calendario de adviento 2023 Jano Filters - Jano Filters","isPartOf":{"@id":"http:\/\/janofilters.com\/es\/#website"},"primaryImageOfPage":{"@id":"https:\/\/janofilters.com\/es\/2023\/11\/20\/jano-lo-ha-vuelto-a-hacer-calendario-de-adviento-2023-jano-filters\/#primaryimage"},"image":{"@id":"https:\/\/janofilters.com\/es\/2023\/11\/20\/jano-lo-ha-vuelto-a-hacer-calendario-de-adviento-2023-jano-filters\/#primaryimage"},"thumbnailUrl":"https:\/\/janofilters.com\/wp-content\/uploads\/2023\/11\/CALENDARIO.jpg","datePublished":"2023-11-20T09:42:03+00:00","dateModified":"2023-12-18T11:48:04+00:00","description":"No desvelaremos qu\u00e9 hay dentro, pero aseguramos que el valor del interior es superior a su precio. YA DISPONIBLE EN WEB | Jano Filters","breadcrumb":{"@id":"https:\/\/janofilters.com\/es\/2023\/11\/20\/jano-lo-ha-vuelto-a-hacer-calendario-de-adviento-2023-jano-filters\/#breadcrumb"},"inLanguage":"es","potentialAction":[{"@type":"ReadAction","target":["https:\/\/janofilters.com\/es\/2023\/11\/20\/jano-lo-ha-vuelto-a-hacer-calendario-de-adviento-2023-jano-filters\/"]}]},{"@type":"ImageObject","inLanguage":"es","@id":"https:\/\/janofilters.com\/es\/2023\/11\/20\/jano-lo-ha-vuelto-a-hacer-calendario-de-adviento-2023-jano-filters\/#primaryimage","url":"https:\/\/janofilters.com\/wp-content\/uploads\/2023\/11\/CALENDARIO.jpg","contentUrl":"https:\/\/janofilters.com\/wp-content\/uploads\/2023\/11\/CALENDARIO.jpg","width":800,"height":800},{"@type":"BreadcrumbList","@id":"https:\/\/janofilters.com\/es\/2023\/11\/20\/jano-lo-ha-vuelto-a-hacer-calendario-de-adviento-2023-jano-filters\/#breadcrumb","itemListElement":[{"@type":"ListItem","position":1,"name":"Portada","item":"https:\/\/janofilters.com\/es\/"},{"@type":"ListItem","position":2,"name":"\u00a1Jano lo ha vuelto a hacer! Calendario de adviento 2023 Jano Filters"}]},{"@type":"WebSite","@id":"http:\/\/janofilters.com\/es\/#website","url":"http:\/\/janofilters.com\/es\/","name":"Jano Filters","description":"Dise\u00f1os e inventos 420 creados para compartir.","publisher":{"@id":"http:\/\/janofilters.com\/es\/#organization"},"potentialAction":[{"@type":"SearchAction","target":{"@type":"EntryPoint","urlTemplate":"http:\/\/janofilters.com\/es\/?s={search_term_string}"},"query-input":{"@type":"PropertyValueSpecification","valueRequired":true,"valueName":"search_term_string"}}],"inLanguage":"es"},{"@type":"Organization","@id":"http:\/\/janofilters.com\/es\/#organization","name":"Jano Filters","url":"http:\/\/janofilters.com\/es\/","logo":{"@type":"ImageObject","inLanguage":"es","@id":"http:\/\/janofilters.com\/es\/#\/schema\/logo\/image\/","url":"https:\/\/janofilters.com\/wp-content\/uploads\/2021\/01\/cropped-Logo_BN.png","contentUrl":"https:\/\/janofilters.com\/wp-content\/uploads\/2021\/01\/cropped-Logo_BN.png","width":268,"height":146,"caption":"Jano Filters"},"image":{"@id":"http:\/\/janofilters.com\/es\/#\/schema\/logo\/image\/"},"sameAs":["https:\/\/es-la.facebook.com\/janofilters\/","https:\/\/x.com\/janofilters","https:\/\/www.instagram.com\/janofilters\/","https:\/\/www.tiktok.com\/@janofactory","https:\/\/www.youtube.com\/channel\/UCGj3q5sMCCr2Tk6VwY838Nw"]},{"@type":"Person","@id":"http:\/\/janofilters.com\/es\/#\/schema\/person\/5590a6909b344dfd3ffafed1f462bb4d","name":"admin.janofilters","image":{"@type":"ImageObject","inLanguage":"es","@id":"http:\/\/janofilters.com\/es\/#\/schema\/person\/image\/","url":"https:\/\/secure.gravatar.com\/avatar\/a3532ecb1b95303e52d249d7430f1735?s=96&d=mm&r=g","contentUrl":"https:\/\/secure.gravatar.com\/avatar\/a3532ecb1b95303e52d249d7430f1735?s=96&d=mm&r=g","caption":"admin.janofilters"},"url":"https:\/\/janofilters.com\/es\/author\/admin-janofilters\/"}]}},"jetpack_sharing_enabled":true,"jetpack_featured_media_url":"https:\/\/janofilters.com\/wp-content\/uploads\/2023\/11\/CALENDARIO.jpg","_links":{"self":[{"href":"https:\/\/janofilters.com\/es\/wp-json\/wp\/v2\/posts\/10253","targetHints":{"allow":["GET"]}}],"collection":[{"href":"https:\/\/janofilters.com\/es\/wp-json\/wp\/v2\/posts"}],"about":[{"href":"https:\/\/janofilters.com\/es\/wp-json\/wp\/v2\/types\/post"}],"author":[{"embeddable":true,"href":"https:\/\/janofilters.com\/es\/wp-json\/wp\/v2\/users\/1"}],"replies":[{"embeddable":true,"href":"https:\/\/janofilters.com\/es\/wp-json\/wp\/v2\/comments?post=10253"}],"version-history":[{"count":21,"href":"https:\/\/janofilters.com\/es\/wp-json\/wp\/v2\/posts\/10253\/revisions"}],"predecessor-version":[{"id":10413,"href":"https:\/\/janofilters.com\/es\/wp-json\/wp\/v2\/posts\/10253\/revisions\/10413"}],"wp:featuredmedia":[{"embeddable":true,"href":"https:\/\/janofilters.com\/es\/wp-json\/wp\/v2\/media\/10172"}],"wp:attachment":[{"href":"https:\/\/janofilters.com\/es\/wp-json\/wp\/v2\/media?parent=10253"}],"wp:term":[{"taxonomy":"category","embeddable":true,"href":"https:\/\/janofilters.com\/es\/wp-json\/wp\/v2\/categories?post=10253"},{"taxonomy":"post_tag","embeddable":true,"href":"https:\/\/janofilters.com\/es\/wp-json\/wp\/v2\/tags?post=10253"}],"curies":[{"name":"wp","href":"https:\/\/api.w.org\/{rel}","templated":true}]}}